{"id":839,"date":"2025-03-31T08:42:09","date_gmt":"2025-03-31T08:42:09","guid":{"rendered":"https:\/\/clauqsi.com\/?p=839"},"modified":"2026-02-25T10:56:08","modified_gmt":"2026-02-25T10:56:08","slug":"veronica-ingenieria-industrial-ia-clau-quero-ser-engenheira-3x31-juntar-me-e-abrir-uma-empresa","status":"publish","type":"post","link":"https:\/\/clauqsi.com\/pt\/blog\/veronica-ingenieria-industrial-ia-clau-quiero-ser-ingeniera-3x31-colegiarse-y-emprender","title":{"rendered":"Ver\u00f3nica, ENGENHARIA INDUSTRIAL + IA | Clau, quero ser engenheira 3\u00d731 | Tornar-se engenheira e tornar-se empres\u00e1ria"},"content":{"rendered":"<figure class=\"wp-block-embed is-type-rich is-provider-spotify wp-block-embed-spotify wp-embed-aspect-21-9 wp-has-aspect-ratio\"><div class=\"wp-block-embed__wrapper\">\n<iframe title=\"Spotify Embed: ALEJANDRA: A arquiteta que realizou o seu sonho ao exercer a sua profiss\u00e3o de cen\u00f3grafa\" style=\"border-radius: 12px\" width=\"100%\" height=\"152\" frameborder=\"0\" allowfullscreen allow=\"autoplay; clipboard-write; encrypted-media; fullscreen; picture-in-picture\" data-src=\"https:\/\/open.spotify.com\/embed\/episode\/4R41W5bATwtsoVETOv3K9W?utm_source=oembed\" src=\"data:image\/svg+xml;base64,PHN2ZyB3aWR0aD0iMSIgaGVpZ2h0PSIxIiB4bWxucz0iaHR0cDovL3d3dy53My5vcmcvMjAwMC9zdmciPjwvc3ZnPg==\" class=\"lazyload\" data-load-mode=\"1\"><\/iframe>\n<\/div><\/figure>\n\n\n\nOl\u00e1, ol\u00e1!<\/br><\/br>\nHoje fomos ao Colegio Oficial de Ingenieros Industriales de la Comunidad Valenciana para conversar com Ver\u00f3nica.<\/br><\/br>\n\nUma engenheira industrial que, aos 28 anos, deu o salto para o empreendedorismo ao fundar a sua pr\u00f3pria empresa de Intelig\u00eancia Artificial\ud83d\udc95.<\/br><\/br>\n\nNeste epis\u00f3dio, vamos descobrir como a COIICV a acompanhou na sua carreira, quais as vantagens de ser membro, o seu papel na Comiss\u00e3o de Desenvolvimento Profissional e toda a aprendizagem que acumulou trabalhando em diferentes sectores antes de dar o passo para criar a Armoniats.<\/br><\/br>\n\nQueres conhecer a hist\u00f3ria deles e saber como a IA pode revolucionar os neg\u00f3cios do dia a dia? N\u00e3o percas, querida! \ud83e\udd70\u2728<\/br><\/br>\n\n\n\n<figure class=\"wp-block-embed is-type-video is-provider-youtube wp-block-embed-youtube wp-embed-aspect-16-9 wp-has-aspect-ratio\"><div class=\"wp-block-embed__wrapper\">\n<iframe title=\"Ver\u00f3nica, ENGENHARIA INDUSTRIAL + IA | Clau, quero ser engenheira 3x31 | Tornar-me engenheira 3x31 | Entrar numa faculdade e tornar-se empres\u00e1ria\" width=\"1020\" height=\"574\" data-src=\"https:\/\/www.youtube.com\/embed\/U0NPTUC_qPM?feature=oembed\" frameborder=\"0\" allow=\"accelerometer; autoplay; clipboard-write; encrypted-media; gyroscope; picture-in-picture; web-share\" referrerpolicy=\"strict-origin-when-cross-origin\" allowfullscreen src=\"data:image\/svg+xml;base64,PHN2ZyB3aWR0aD0iMSIgaGVpZ2h0PSIxIiB4bWxucz0iaHR0cDovL3d3dy53My5vcmcvMjAwMC9zdmciPjwvc3ZnPg==\" class=\"lazyload\" data-load-mode=\"1\"><\/iframe>\n<\/div><\/figure>","protected":false},"excerpt":{"rendered":"<p>\u00a1Hola, hola! Hoy nos hemos ido al Colegio Oficial de Ingenieros Industriales de la Comunidad Valenciana a charlar con Ver\u00f3nica. Ingeniera industrial que, con tan solo 28 a\u00f1os, ha dado el salto al emprendimiento fundando su propia empresa de Inteligencia Artificial\ud83d\udc95 En este episodio, descubriremos c\u00f3mo el COIICV la ha acompa\u00f1ado en su trayectoria, qu\u00e9[&#8230;]\n","protected":false},"author":1,"featured_media":840,"comment_status":"closed","ping_status":"open","sticky":false,"template":"","format":"standard","meta":{"footnotes":""},"categories":[32,61,45],"tags":[40],"class_list":["post-839","post","type-post","status-publish","format-standard","has-post-thumbnail","hentry","category-ia","category-ingenieria-en-tecnologias-industriales","category-temporada3","tag-temporada3"],"yoast_head":"<!-- This site is optimized with the Yoast SEO plugin v27.4 - https:\/\/yoast.com\/product\/yoast-seo-wordpress\/ -->\n<title>Ver\u00f3nica, INGENIER\u00cdA INDUSTRIAL + IA | Clau, quiero ser ingeniera 3x31 | Colegiarse y emprender - Clau, quiero ser ingeniera<\/title>\n<meta name=\"description\" content=\"Descubre c\u00f3mo unir INGENIER\u00cdA INDUSTRIAL con la IA y emprender a los 28 a\u00f1os con Ver\u00f3nica. \u00a1No te pierdas su historia y consejos!\" \/>\n<meta name=\"robots\" content=\"index, follow, max-snippet:-1, max-image-preview:large, max-video-preview:-1\" \/>\n<link rel=\"canonical\" href=\"https:\/\/clauqsi.com\/pt\/blogue\/veronica-ingenieria-industrial-ia-clau-quero-ser-engenheira-3x31-juntar-me-e-abrir-uma-empresa\/\" \/>\n<meta property=\"og:locale\" content=\"pt_PT\" \/>\n<meta property=\"og:type\" content=\"article\" \/>\n<meta property=\"og:title\" content=\"Ver\u00f3nica, INGENIER\u00cdA INDUSTRIAL + IA | Clau, quiero ser ingeniera 3x31 | Colegiarse y emprender - Clau, quiero ser ingeniera\" \/>\n<meta property=\"og:description\" content=\"Descubre c\u00f3mo unir INGENIER\u00cdA INDUSTRIAL con la IA y emprender a los 28 a\u00f1os con Ver\u00f3nica. \u00a1No te pierdas su historia y consejos!\" \/>\n<meta property=\"og:url\" content=\"https:\/\/clauqsi.com\/pt\/blogue\/veronica-ingenieria-industrial-ia-clau-quero-ser-engenheira-3x31-juntar-me-e-abrir-uma-empresa\/\" \/>\n<meta property=\"og:site_name\" content=\"Clau, quiero ser ingeniera\" \/>\n<meta property=\"article:published_time\" content=\"2025-03-31T08:42:09+00:00\" \/>\n<meta property=\"article:modified_time\" content=\"2026-02-25T10:56:08+00:00\" \/>\n<meta property=\"og:image\" content=\"https:\/\/clauqsi.com\/wp-content\/uploads\/2025\/04\/veronica-2.jpg\" \/>\n\t<meta property=\"og:image:width\" content=\"1280\" \/>\n\t<meta property=\"og:image:height\" content=\"720\" \/>\n\t<meta property=\"og:image:type\" content=\"image\/jpeg\" \/>\n<meta name=\"author\" content=\"admin\" \/>\n<meta name=\"twitter:card\" content=\"summary_large_image\" \/>\n<meta name=\"twitter:label1\" content=\"Escrito por\" \/>\n\t<meta name=\"twitter:data1\" content=\"admin\" \/>\n\t<meta name=\"twitter:label2\" content=\"Tempo estimado de leitura\" \/>\n\t<meta name=\"twitter:data2\" content=\"1 minuto\" \/>\n<script type=\"application\/ld+json\" class=\"yoast-schema-graph\">{\"@context\":\"https:\\\/\\\/schema.org\",\"@graph\":[{\"@type\":\"Article\",\"@id\":\"https:\\\/\\\/clauqsi.com\\\/blog\\\/veronica-ingenieria-industrial-ia-clau-quiero-ser-ingeniera-3x31-colegiarse-y-emprender#article\",\"isPartOf\":{\"@id\":\"https:\\\/\\\/clauqsi.com\\\/blog\\\/veronica-ingenieria-industrial-ia-clau-quiero-ser-ingeniera-3x31-colegiarse-y-emprender\"},\"author\":{\"name\":\"admin\",\"@id\":\"https:\\\/\\\/clauqsi.com\\\/en\\\/#\\\/schema\\\/person\\\/5a4975c80377b0802fe4a642495696a6\"},\"headline\":\"Ver\u00f3nica, INGENIER\u00cdA INDUSTRIAL + IA | Clau, quiero ser ingeniera 3&#215;31 | Colegiarse y emprender\",\"datePublished\":\"2025-03-31T08:42:09+00:00\",\"dateModified\":\"2026-02-25T10:56:08+00:00\",\"mainEntityOfPage\":{\"@id\":\"https:\\\/\\\/clauqsi.com\\\/blog\\\/veronica-ingenieria-industrial-ia-clau-quiero-ser-ingeniera-3x31-colegiarse-y-emprender\"},\"wordCount\":147,\"image\":{\"@id\":\"https:\\\/\\\/clauqsi.com\\\/blog\\\/veronica-ingenieria-industrial-ia-clau-quiero-ser-ingeniera-3x31-colegiarse-y-emprender#primaryimage\"},\"thumbnailUrl\":\"https:\\\/\\\/clauqsi.com\\\/wp-content\\\/uploads\\\/2025\\\/04\\\/veronica-2.jpg\",\"keywords\":[\"Temporada 3\"],\"articleSection\":[\"IA\",\"Ingenier\u00eda en Tecnolog\u00edas Industriales\",\"T3\"],\"inLanguage\":\"pt-PT\"},{\"@type\":\"WebPage\",\"@id\":\"https:\\\/\\\/clauqsi.com\\\/blog\\\/veronica-ingenieria-industrial-ia-clau-quiero-ser-ingeniera-3x31-colegiarse-y-emprender\",\"url\":\"https:\\\/\\\/clauqsi.com\\\/blog\\\/veronica-ingenieria-industrial-ia-clau-quiero-ser-ingeniera-3x31-colegiarse-y-emprender\",\"name\":\"Ver\u00f3nica, INGENIER\u00cdA INDUSTRIAL + IA | Clau, quiero ser ingeniera 3x31 | Colegiarse y emprender - Clau, quiero ser ingeniera\",\"isPartOf\":{\"@id\":\"https:\\\/\\\/clauqsi.com\\\/en\\\/#website\"},\"primaryImageOfPage\":{\"@id\":\"https:\\\/\\\/clauqsi.com\\\/blog\\\/veronica-ingenieria-industrial-ia-clau-quiero-ser-ingeniera-3x31-colegiarse-y-emprender#primaryimage\"},\"image\":{\"@id\":\"https:\\\/\\\/clauqsi.com\\\/blog\\\/veronica-ingenieria-industrial-ia-clau-quiero-ser-ingeniera-3x31-colegiarse-y-emprender#primaryimage\"},\"thumbnailUrl\":\"https:\\\/\\\/clauqsi.com\\\/wp-content\\\/uploads\\\/2025\\\/04\\\/veronica-2.jpg\",\"datePublished\":\"2025-03-31T08:42:09+00:00\",\"dateModified\":\"2026-02-25T10:56:08+00:00\",\"author\":{\"@id\":\"https:\\\/\\\/clauqsi.com\\\/en\\\/#\\\/schema\\\/person\\\/5a4975c80377b0802fe4a642495696a6\"},\"description\":\"Descubre c\u00f3mo unir INGENIER\u00cdA INDUSTRIAL con la IA y emprender a los 28 a\u00f1os con Ver\u00f3nica. \u00a1No te pierdas su historia y consejos!\",\"breadcrumb\":{\"@id\":\"https:\\\/\\\/clauqsi.com\\\/blog\\\/veronica-ingenieria-industrial-ia-clau-quiero-ser-ingeniera-3x31-colegiarse-y-emprender#breadcrumb\"},\"inLanguage\":\"pt-PT\",\"potentialAction\":[{\"@type\":\"ReadAction\",\"target\":[\"https:\\\/\\\/clauqsi.com\\\/blog\\\/veronica-ingenieria-industrial-ia-clau-quiero-ser-ingeniera-3x31-colegiarse-y-emprender\"]}]},{\"@type\":\"ImageObject\",\"inLanguage\":\"pt-PT\",\"@id\":\"https:\\\/\\\/clauqsi.com\\\/blog\\\/veronica-ingenieria-industrial-ia-clau-quiero-ser-ingeniera-3x31-colegiarse-y-emprender#primaryimage\",\"url\":\"https:\\\/\\\/clauqsi.com\\\/wp-content\\\/uploads\\\/2025\\\/04\\\/veronica-2.jpg\",\"contentUrl\":\"https:\\\/\\\/clauqsi.com\\\/wp-content\\\/uploads\\\/2025\\\/04\\\/veronica-2.jpg\",\"width\":1280,\"height\":720},{\"@type\":\"BreadcrumbList\",\"@id\":\"https:\\\/\\\/clauqsi.com\\\/blog\\\/veronica-ingenieria-industrial-ia-clau-quiero-ser-ingeniera-3x31-colegiarse-y-emprender#breadcrumb\",\"itemListElement\":[{\"@type\":\"ListItem\",\"position\":1,\"name\":\"Portada\",\"item\":\"https:\\\/\\\/clauqsi.com\\\/\"},{\"@type\":\"ListItem\",\"position\":2,\"name\":\"T3\",\"item\":\"https:\\\/\\\/clauqsi.com\\\/blog\\\/category\\\/temporada3\"},{\"@type\":\"ListItem\",\"position\":3,\"name\":\"Ver\u00f3nica, INGENIER\u00cdA INDUSTRIAL + IA | Clau, quiero ser ingeniera 3&#215;31 | Colegiarse y emprender\"}]},{\"@type\":\"WebSite\",\"@id\":\"https:\\\/\\\/clauqsi.com\\\/en\\\/#website\",\"url\":\"https:\\\/\\\/clauqsi.com\\\/en\\\/\",\"name\":\"Clau, quiero ser ingeniera\",\"description\":\"Una iniciativa para impulsar las carreras STEAM entre las chicas\",\"potentialAction\":[{\"@type\":\"SearchAction\",\"target\":{\"@type\":\"EntryPoint\",\"urlTemplate\":\"https:\\\/\\\/clauqsi.com\\\/en\\\/?s={search_term_string}\"},\"query-input\":{\"@type\":\"PropertyValueSpecification\",\"valueRequired\":true,\"valueName\":\"search_term_string\"}}],\"inLanguage\":\"pt-PT\"},{\"@type\":\"Person\",\"@id\":\"https:\\\/\\\/clauqsi.com\\\/en\\\/#\\\/schema\\\/person\\\/5a4975c80377b0802fe4a642495696a6\",\"name\":\"admin\",\"sameAs\":[\"https:\\\/\\\/clauqsi.com\"],\"url\":\"https:\\\/\\\/clauqsi.com\\\/pt\\\/blog\\\/author\\\/admin\"}]}<\/script>\n<!-- \/ Yoast SEO plugin. -->","yoast_head_json":{"title":"Ver\u00f3nica, ENGENHARIA INDUSTRIAL + IA | Clau, quero ser engenheira 3x31 | Ser engenheira e come\u00e7ar um neg\u00f3cio - Clau, quero ser engenheira","description":"Descubra como combinar a ENGENHARIA INDUSTRIAL com a IA e o empreendedorismo aos 28 anos com a Veronica. N\u00e3o perca a sua hist\u00f3ria e as suas dicas!","robots":{"index":"index","follow":"follow","max-snippet":"max-snippet:-1","max-image-preview":"max-image-preview:large","max-video-preview":"max-video-preview:-1"},"canonical":"https:\/\/clauqsi.com\/pt\/blogue\/veronica-ingenieria-industrial-ia-clau-quero-ser-engenheira-3x31-juntar-me-e-abrir-uma-empresa\/","og_locale":"pt_PT","og_type":"article","og_title":"Ver\u00f3nica, INGENIER\u00cdA INDUSTRIAL + IA | Clau, quiero ser ingeniera 3x31 | Colegiarse y emprender - Clau, quiero ser ingeniera","og_description":"Descubre c\u00f3mo unir INGENIER\u00cdA INDUSTRIAL con la IA y emprender a los 28 a\u00f1os con Ver\u00f3nica. \u00a1No te pierdas su historia y consejos!","og_url":"https:\/\/clauqsi.com\/pt\/blogue\/veronica-ingenieria-industrial-ia-clau-quero-ser-engenheira-3x31-juntar-me-e-abrir-uma-empresa\/","og_site_name":"Clau, quiero ser ingeniera","article_published_time":"2025-03-31T08:42:09+00:00","article_modified_time":"2026-02-25T10:56:08+00:00","og_image":[{"width":1280,"height":720,"url":"https:\/\/clauqsi.com\/wp-content\/uploads\/2025\/04\/veronica-2.jpg","type":"image\/jpeg"}],"author":"admin","twitter_card":"summary_large_image","twitter_misc":{"Escrito por":"admin","Tempo estimado de leitura":"1 minuto"},"schema":{"@context":"https:\/\/schema.org","@graph":[{"@type":"Article","@id":"https:\/\/clauqsi.com\/blog\/veronica-ingenieria-industrial-ia-clau-quiero-ser-ingeniera-3x31-colegiarse-y-emprender#article","isPartOf":{"@id":"https:\/\/clauqsi.com\/blog\/veronica-ingenieria-industrial-ia-clau-quiero-ser-ingeniera-3x31-colegiarse-y-emprender"},"author":{"name":"admin","@id":"https:\/\/clauqsi.com\/en\/#\/schema\/person\/5a4975c80377b0802fe4a642495696a6"},"headline":"Ver\u00f3nica, INGENIER\u00cdA INDUSTRIAL + IA | Clau, quiero ser ingeniera 3&#215;31 | Colegiarse y emprender","datePublished":"2025-03-31T08:42:09+00:00","dateModified":"2026-02-25T10:56:08+00:00","mainEntityOfPage":{"@id":"https:\/\/clauqsi.com\/blog\/veronica-ingenieria-industrial-ia-clau-quiero-ser-ingeniera-3x31-colegiarse-y-emprender"},"wordCount":147,"image":{"@id":"https:\/\/clauqsi.com\/blog\/veronica-ingenieria-industrial-ia-clau-quiero-ser-ingeniera-3x31-colegiarse-y-emprender#primaryimage"},"thumbnailUrl":"https:\/\/clauqsi.com\/wp-content\/uploads\/2025\/04\/veronica-2.jpg","keywords":["Temporada 3"],"articleSection":["IA","Ingenier\u00eda en Tecnolog\u00edas Industriales","T3"],"inLanguage":"pt-PT"},{"@type":"WebPage","@id":"https:\/\/clauqsi.com\/blog\/veronica-ingenieria-industrial-ia-clau-quiero-ser-ingeniera-3x31-colegiarse-y-emprender","url":"https:\/\/clauqsi.com\/blog\/veronica-ingenieria-industrial-ia-clau-quiero-ser-ingeniera-3x31-colegiarse-y-emprender","name":"Ver\u00f3nica, ENGENHARIA INDUSTRIAL + IA | Clau, quero ser engenheira 3x31 | Ser engenheira e come\u00e7ar um neg\u00f3cio - Clau, quero ser engenheira","isPartOf":{"@id":"https:\/\/clauqsi.com\/en\/#website"},"primaryImageOfPage":{"@id":"https:\/\/clauqsi.com\/blog\/veronica-ingenieria-industrial-ia-clau-quiero-ser-ingeniera-3x31-colegiarse-y-emprender#primaryimage"},"image":{"@id":"https:\/\/clauqsi.com\/blog\/veronica-ingenieria-industrial-ia-clau-quiero-ser-ingeniera-3x31-colegiarse-y-emprender#primaryimage"},"thumbnailUrl":"https:\/\/clauqsi.com\/wp-content\/uploads\/2025\/04\/veronica-2.jpg","datePublished":"2025-03-31T08:42:09+00:00","dateModified":"2026-02-25T10:56:08+00:00","author":{"@id":"https:\/\/clauqsi.com\/en\/#\/schema\/person\/5a4975c80377b0802fe4a642495696a6"},"description":"Descubra como combinar a ENGENHARIA INDUSTRIAL com a IA e o empreendedorismo aos 28 anos com a Veronica. N\u00e3o perca a sua hist\u00f3ria e as suas dicas!","breadcrumb":{"@id":"https:\/\/clauqsi.com\/blog\/veronica-ingenieria-industrial-ia-clau-quiero-ser-ingeniera-3x31-colegiarse-y-emprender#breadcrumb"},"inLanguage":"pt-PT","potentialAction":[{"@type":"ReadAction","target":["https:\/\/clauqsi.com\/blog\/veronica-ingenieria-industrial-ia-clau-quiero-ser-ingeniera-3x31-colegiarse-y-emprender"]}]},{"@type":"ImageObject","inLanguage":"pt-PT","@id":"https:\/\/clauqsi.com\/blog\/veronica-ingenieria-industrial-ia-clau-quiero-ser-ingeniera-3x31-colegiarse-y-emprender#primaryimage","url":"https:\/\/clauqsi.com\/wp-content\/uploads\/2025\/04\/veronica-2.jpg","contentUrl":"https:\/\/clauqsi.com\/wp-content\/uploads\/2025\/04\/veronica-2.jpg","width":1280,"height":720},{"@type":"BreadcrumbList","@id":"https:\/\/clauqsi.com\/blog\/veronica-ingenieria-industrial-ia-clau-quiero-ser-ingeniera-3x31-colegiarse-y-emprender#breadcrumb","itemListElement":[{"@type":"ListItem","position":1,"name":"Portada","item":"https:\/\/clauqsi.com\/"},{"@type":"ListItem","position":2,"name":"T3","item":"https:\/\/clauqsi.com\/blog\/category\/temporada3"},{"@type":"ListItem","position":3,"name":"Ver\u00f3nica, INGENIER\u00cdA INDUSTRIAL + IA | Clau, quiero ser ingeniera 3&#215;31 | Colegiarse y emprender"}]},{"@type":"WebSite","@id":"https:\/\/clauqsi.com\/en\/#website","url":"https:\/\/clauqsi.com\/en\/","name":"Clau, eu quero ser engenheiro","description":"Uma iniciativa para impulsionar as carreiras STEAM das raparigas","potentialAction":[{"@type":"SearchAction","target":{"@type":"EntryPoint","urlTemplate":"https:\/\/clauqsi.com\/en\/?s={search_term_string}"},"query-input":{"@type":"PropertyValueSpecification","valueRequired":true,"valueName":"search_term_string"}}],"inLanguage":"pt-PT"},{"@type":"Person","@id":"https:\/\/clauqsi.com\/en\/#\/schema\/person\/5a4975c80377b0802fe4a642495696a6","name":"administrador","sameAs":["https:\/\/clauqsi.com"],"url":"https:\/\/clauqsi.com\/pt\/blog\/author\/admin"}]}},"_links":{"self":[{"href":"https:\/\/clauqsi.com\/pt\/wp-json\/wp\/v2\/posts\/839","targetHints":{"allow":["GET"]}}],"collection":[{"href":"https:\/\/clauqsi.com\/pt\/wp-json\/wp\/v2\/posts"}],"about":[{"href":"https:\/\/clauqsi.com\/pt\/wp-json\/wp\/v2\/types\/post"}],"author":[{"embeddable":true,"href":"https:\/\/clauqsi.com\/pt\/wp-json\/wp\/v2\/users\/1"}],"replies":[{"embeddable":true,"href":"https:\/\/clauqsi.com\/pt\/wp-json\/wp\/v2\/comments?post=839"}],"version-history":[{"count":1,"href":"https:\/\/clauqsi.com\/pt\/wp-json\/wp\/v2\/posts\/839\/revisions"}],"predecessor-version":[{"id":841,"href":"https:\/\/clauqsi.com\/pt\/wp-json\/wp\/v2\/posts\/839\/revisions\/841"}],"wp:featuredmedia":[{"embeddable":true,"href":"https:\/\/clauqsi.com\/pt\/wp-json\/wp\/v2\/media\/840"}],"wp:attachment":[{"href":"https:\/\/clauqsi.com\/pt\/wp-json\/wp\/v2\/media?parent=839"}],"wp:term":[{"taxonomy":"category","embeddable":true,"href":"https:\/\/clauqsi.com\/pt\/wp-json\/wp\/v2\/categories?post=839"},{"taxonomy":"post_tag","embeddable":true,"href":"https:\/\/clauqsi.com\/pt\/wp-json\/wp\/v2\/tags?post=839"}],"curies":[{"name":"wp","href":"https:\/\/api.w.org\/{rel}","templated":true}]}}