{"id":912,"date":"2025-06-23T08:29:46","date_gmt":"2025-06-23T08:29:46","guid":{"rendered":"https:\/\/clauqsi.com\/?p=912"},"modified":"2026-03-12T15:14:01","modified_gmt":"2026-03-12T15:14:01","slug":"foro-de-empleo-de-la-upv","status":"publish","type":"post","link":"https:\/\/clauqsi.com\/it\/blog\/foro-de-empleo-de-la-upv","title":{"rendered":"Foro de Empleo de la UPV: \u00bfQu\u00e9 buscan las empresas de ingenier\u00eda? | 3&#215;43"},"content":{"rendered":"<p>\u00a1Hola, hola! Hoy salimos del estudio y nos vamos directas a Valencia para vivir el <strong>Foro de Empleo de la UPV<\/strong> gracias al <strong>COIICV<\/strong>, el <strong>Colegio Oficial de Ingenieros Industriales de la Comunitat Valenciana<\/strong>.<\/p>\n\n\n\n<figure class=\"wp-block-embed is-type-rich is-provider-spotify wp-block-embed-spotify wp-embed-aspect-21-9 wp-has-aspect-ratio\"><div class=\"wp-block-embed__wrapper\">\n<iframe title=\"Spotify Embed: Andiamo a Valencia al FORUM OCCUPAZIONALE | Clau, voglio fare l&#039;ingegnere 3x43 | \u201cCi sono pi\u00f9 di 200 aziende\u201d.\u201d\" style=\"border-radius: 12px\" width=\"100%\" height=\"152\" frameborder=\"0\" allowfullscreen allow=\"autoplay; clipboard-write; encrypted-media; fullscreen; picture-in-picture\" data-src=\"https:\/\/open.spotify.com\/embed\/episode\/1afBZ3jhmTe33fFOTe0OR9?utm_source=oembed\" src=\"data:image\/svg+xml;base64,PHN2ZyB3aWR0aD0iMSIgaGVpZ2h0PSIxIiB4bWxucz0iaHR0cDovL3d3dy53My5vcmcvMjAwMC9zdmciPjwvc3ZnPg==\" class=\"lazyload\" data-load-mode=\"1\"><\/iframe>\n<\/div><\/figure>\n\n\n\n<p>Nos colamos entre <strong>m\u00e1s de 200 empresas<\/strong> que buscan <strong>talento joven<\/strong> y visitamos el <strong>stand del COIICV<\/strong>, donde un mont\u00f3n de estudiantes de industriales se asociaban al <strong>Colegio<\/strong>\u2026 \u00a1y ganaban premios jugando a la ruleta que ten\u00edan montada! \u00a1Fue suuuuuper divertido!<\/p>\n\n\n\n<p>En este formato diferente, charlamos con empresas, universidades y estudiantes para responder a lo que de verdad importa: \u00bf<strong>Qu\u00e9 buscan las empresas<\/strong> hoy en d\u00eda? \u00bf<strong>Qu\u00e9 oportunidades reales hay<\/strong> para ti?<\/p>\n\n\n\n<p>En este episodio descubrir\u00e1s  por qu\u00e9 formar parte del Colegio de Industriales puede ser la pieza clave para impulsar tu carrera. Te lo pasar\u00e1s genial vi\u00e9ndonos entrevistar a muchas nenas y nenes que paseaban por el <strong>Foro de Empleo de la UPV<\/strong> y, sobre todo, \u00a1te dar\u00e1n ganas de no perd\u00e9rtelo el a\u00f1o que viene!<\/p>\n\n\n\n<p>Vuoi saperne di pi\u00f9? Unitevi alla nostra comunit\u00e0 su <strong><a href=\"https:\/\/www.instagram.com\/clau_qsi?igsh=MWxvN2EzcmpsdDZ3MQ==\">Instagram<\/a><\/strong>, <strong><a href=\"https:\/\/www.tiktok.com\/@clau_qsi?_r=1&amp;_t=ZN-93WtFJfvNCg\">TikTok<\/a>, <a href=\"https:\/\/open.spotify.com\/show\/7JD2xfJp1wnOBvCOzK8nam\">Spotify<\/a>&nbsp;<\/strong>y <strong><a href=\"http:\/\/www.youtube.com\/@clau_qsi\">YouTube<\/a><\/strong>. Seguiteci per non perdere nemmeno un episodio!<\/p>\n\n\n<div class=\"video video-fit mb\" style=\"padding-top:56.25%;\"><iframe title=\"Ci rechiamo a Valencia al FORUM OCCUPAZIONALE | Clau, voglio fare l&#039;ingegnere 3x43 | \u201cCi sono pi\u00f9 di 200 aziende\u201d.\u201d\" width=\"1020\" height=\"574\" data-src=\"https:\/\/www.youtube.com\/embed\/-HcQa4PrpBs?feature=oembed\" frameborder=\"0\" allow=\"accelerometer; autoplay; clipboard-write; encrypted-media; gyroscope; picture-in-picture; web-share\" referrerpolicy=\"strict-origin-when-cross-origin\" allowfullscreen src=\"data:image\/svg+xml;base64,PHN2ZyB3aWR0aD0iMSIgaGVpZ2h0PSIxIiB4bWxucz0iaHR0cDovL3d3dy53My5vcmcvMjAwMC9zdmciPjwvc3ZnPg==\" class=\"lazyload\" data-load-mode=\"1\"><\/iframe><\/div>","protected":false},"excerpt":{"rendered":"<p>\u00a1Hola, hola! Hoy salimos del estudio y nos vamos directas a Valencia para vivir el Foro de Empleo de la UPV gracias al COIICV, el Colegio Oficial de Ingenieros Industriales de la Comunitat Valenciana. Nos colamos entre m\u00e1s de 200 empresas que buscan talento joven y visitamos el stand del COIICV, donde un mont\u00f3n de[&#8230;]\n","protected":false},"author":1,"featured_media":897,"comment_status":"closed","ping_status":"open","sticky":false,"template":"","format":"standard","meta":{"footnotes":""},"categories":[53,45],"tags":[40],"class_list":["post-912","post","type-post","status-publish","format-standard","has-post-thumbnail","hentry","category-otros","category-temporada3","tag-temporada3"],"yoast_head":"<!-- This site is optimized with the Yoast SEO plugin v27.5 - https:\/\/yoast.com\/product\/yoast-seo-wordpress\/ -->\n<title>Foro de Empleo de la UPV: \u00bfQu\u00e9 buscan las empresas? - Clau, quiero ser ingeniera<\/title>\n<meta name=\"description\" content=\"\u00a1Viajamos al Foro de Empleo de la UPV! Descubre qu\u00e9 buscan las empresas, las mejores oportunidades laborales y por qu\u00e9 asociarte al COIICV\" \/>\n<meta name=\"robots\" content=\"index, follow, max-snippet:-1, max-image-preview:large, max-video-preview:-1\" \/>\n<link rel=\"canonical\" href=\"https:\/\/clauqsi.com\/it\/blog\/foro-de-empleo-de-la-upv\/\" \/>\n<meta property=\"og:locale\" content=\"it_IT\" \/>\n<meta property=\"og:type\" content=\"article\" \/>\n<meta property=\"og:title\" content=\"Foro de Empleo de la UPV: \u00bfQu\u00e9 buscan las empresas? - Clau, quiero ser ingeniera\" \/>\n<meta property=\"og:description\" content=\"\u00a1Viajamos al Foro de Empleo de la UPV! Descubre qu\u00e9 buscan las empresas, las mejores oportunidades laborales y por qu\u00e9 asociarte al COIICV\" \/>\n<meta property=\"og:url\" content=\"https:\/\/clauqsi.com\/it\/blog\/foro-de-empleo-de-la-upv\/\" \/>\n<meta property=\"og:site_name\" content=\"Clau, quiero ser ingeniera\" \/>\n<meta property=\"article:published_time\" content=\"2025-06-23T08:29:46+00:00\" \/>\n<meta property=\"article:modified_time\" content=\"2026-03-12T15:14:01+00:00\" \/>\n<meta property=\"og:image\" content=\"https:\/\/clauqsi.com\/wp-content\/uploads\/2025\/07\/Miniatura-Foro-de-Empleo.png\" \/>\n\t<meta property=\"og:image:width\" content=\"1280\" \/>\n\t<meta property=\"og:image:height\" content=\"720\" \/>\n\t<meta property=\"og:image:type\" content=\"image\/png\" \/>\n<meta name=\"author\" content=\"admin\" \/>\n<meta name=\"twitter:card\" content=\"summary_large_image\" \/>\n<meta name=\"twitter:label1\" content=\"Scritto da\" \/>\n\t<meta name=\"twitter:data1\" content=\"admin\" \/>\n\t<meta name=\"twitter:label2\" content=\"Tempo di lettura stimato\" \/>\n\t<meta name=\"twitter:data2\" content=\"2 minuti\" \/>\n<script type=\"application\/ld+json\" class=\"yoast-schema-graph\">{\"@context\":\"https:\\\/\\\/schema.org\",\"@graph\":[{\"@type\":\"Article\",\"@id\":\"https:\\\/\\\/clauqsi.com\\\/blog\\\/foro-de-empleo-de-la-upv#article\",\"isPartOf\":{\"@id\":\"https:\\\/\\\/clauqsi.com\\\/blog\\\/foro-de-empleo-de-la-upv\"},\"author\":{\"name\":\"admin\",\"@id\":\"https:\\\/\\\/clauqsi.com\\\/en\\\/#\\\/schema\\\/person\\\/5a4975c80377b0802fe4a642495696a6\"},\"headline\":\"Foro de Empleo de la UPV: \u00bfQu\u00e9 buscan las empresas de ingenier\u00eda? | 3&#215;43\",\"datePublished\":\"2025-06-23T08:29:46+00:00\",\"dateModified\":\"2026-03-12T15:14:01+00:00\",\"mainEntityOfPage\":{\"@id\":\"https:\\\/\\\/clauqsi.com\\\/blog\\\/foro-de-empleo-de-la-upv\"},\"wordCount\":226,\"image\":{\"@id\":\"https:\\\/\\\/clauqsi.com\\\/blog\\\/foro-de-empleo-de-la-upv#primaryimage\"},\"thumbnailUrl\":\"https:\\\/\\\/clauqsi.com\\\/wp-content\\\/uploads\\\/2025\\\/07\\\/Miniatura-Foro-de-Empleo.png\",\"keywords\":[\"Temporada 3\"],\"articleSection\":[\"Otros\",\"T3\"],\"inLanguage\":\"it-IT\"},{\"@type\":\"WebPage\",\"@id\":\"https:\\\/\\\/clauqsi.com\\\/blog\\\/foro-de-empleo-de-la-upv\",\"url\":\"https:\\\/\\\/clauqsi.com\\\/blog\\\/foro-de-empleo-de-la-upv\",\"name\":\"Foro de Empleo de la UPV: \u00bfQu\u00e9 buscan las empresas? - Clau, quiero ser ingeniera\",\"isPartOf\":{\"@id\":\"https:\\\/\\\/clauqsi.com\\\/en\\\/#website\"},\"primaryImageOfPage\":{\"@id\":\"https:\\\/\\\/clauqsi.com\\\/blog\\\/foro-de-empleo-de-la-upv#primaryimage\"},\"image\":{\"@id\":\"https:\\\/\\\/clauqsi.com\\\/blog\\\/foro-de-empleo-de-la-upv#primaryimage\"},\"thumbnailUrl\":\"https:\\\/\\\/clauqsi.com\\\/wp-content\\\/uploads\\\/2025\\\/07\\\/Miniatura-Foro-de-Empleo.png\",\"datePublished\":\"2025-06-23T08:29:46+00:00\",\"dateModified\":\"2026-03-12T15:14:01+00:00\",\"author\":{\"@id\":\"https:\\\/\\\/clauqsi.com\\\/en\\\/#\\\/schema\\\/person\\\/5a4975c80377b0802fe4a642495696a6\"},\"description\":\"\u00a1Viajamos al Foro de Empleo de la UPV! Descubre qu\u00e9 buscan las empresas, las mejores oportunidades laborales y por qu\u00e9 asociarte al COIICV\",\"breadcrumb\":{\"@id\":\"https:\\\/\\\/clauqsi.com\\\/blog\\\/foro-de-empleo-de-la-upv#breadcrumb\"},\"inLanguage\":\"it-IT\",\"potentialAction\":[{\"@type\":\"ReadAction\",\"target\":[\"https:\\\/\\\/clauqsi.com\\\/blog\\\/foro-de-empleo-de-la-upv\"]}]},{\"@type\":\"ImageObject\",\"inLanguage\":\"it-IT\",\"@id\":\"https:\\\/\\\/clauqsi.com\\\/blog\\\/foro-de-empleo-de-la-upv#primaryimage\",\"url\":\"https:\\\/\\\/clauqsi.com\\\/wp-content\\\/uploads\\\/2025\\\/07\\\/Miniatura-Foro-de-Empleo.png\",\"contentUrl\":\"https:\\\/\\\/clauqsi.com\\\/wp-content\\\/uploads\\\/2025\\\/07\\\/Miniatura-Foro-de-Empleo.png\",\"width\":1280,\"height\":720,\"caption\":\"Clau en la miniatura del episodio charlando con estudiantes en el Foro de Empleo de la UPV\"},{\"@type\":\"BreadcrumbList\",\"@id\":\"https:\\\/\\\/clauqsi.com\\\/blog\\\/foro-de-empleo-de-la-upv#breadcrumb\",\"itemListElement\":[{\"@type\":\"ListItem\",\"position\":1,\"name\":\"Portada\",\"item\":\"https:\\\/\\\/clauqsi.com\\\/\"},{\"@type\":\"ListItem\",\"position\":2,\"name\":\"T3\",\"item\":\"https:\\\/\\\/clauqsi.com\\\/blog\\\/category\\\/temporada3\"},{\"@type\":\"ListItem\",\"position\":3,\"name\":\"Foro de Empleo de la UPV: \u00bfQu\u00e9 buscan las empresas de ingenier\u00eda? | 3&#215;43\"}]},{\"@type\":\"WebSite\",\"@id\":\"https:\\\/\\\/clauqsi.com\\\/en\\\/#website\",\"url\":\"https:\\\/\\\/clauqsi.com\\\/en\\\/\",\"name\":\"Clau, quiero ser ingeniera\",\"description\":\"Una iniciativa para impulsar las carreras STEAM entre las chicas\",\"potentialAction\":[{\"@type\":\"SearchAction\",\"target\":{\"@type\":\"EntryPoint\",\"urlTemplate\":\"https:\\\/\\\/clauqsi.com\\\/en\\\/?s={search_term_string}\"},\"query-input\":{\"@type\":\"PropertyValueSpecification\",\"valueRequired\":true,\"valueName\":\"search_term_string\"}}],\"inLanguage\":\"it-IT\"},{\"@type\":\"Person\",\"@id\":\"https:\\\/\\\/clauqsi.com\\\/en\\\/#\\\/schema\\\/person\\\/5a4975c80377b0802fe4a642495696a6\",\"name\":\"admin\",\"sameAs\":[\"https:\\\/\\\/clauqsi.com\"],\"url\":\"https:\\\/\\\/clauqsi.com\\\/it\\\/blog\\\/author\\\/admin\"}]}<\/script>\n<!-- \/ Yoast SEO plugin. -->","yoast_head_json":{"title":"Foro de Empleo de la UPV: \u00bfQu\u00e9 buscan las empresas? - Clau, quiero ser ingeniera","description":"\u00a1Viajamos al Foro de Empleo de la UPV! Descubre qu\u00e9 buscan las empresas, las mejores oportunidades laborales y por qu\u00e9 asociarte al COIICV","robots":{"index":"index","follow":"follow","max-snippet":"max-snippet:-1","max-image-preview":"max-image-preview:large","max-video-preview":"max-video-preview:-1"},"canonical":"https:\/\/clauqsi.com\/it\/blog\/foro-de-empleo-de-la-upv\/","og_locale":"it_IT","og_type":"article","og_title":"Foro de Empleo de la UPV: \u00bfQu\u00e9 buscan las empresas? - Clau, quiero ser ingeniera","og_description":"\u00a1Viajamos al Foro de Empleo de la UPV! Descubre qu\u00e9 buscan las empresas, las mejores oportunidades laborales y por qu\u00e9 asociarte al COIICV","og_url":"https:\/\/clauqsi.com\/it\/blog\/foro-de-empleo-de-la-upv\/","og_site_name":"Clau, quiero ser ingeniera","article_published_time":"2025-06-23T08:29:46+00:00","article_modified_time":"2026-03-12T15:14:01+00:00","og_image":[{"width":1280,"height":720,"url":"https:\/\/clauqsi.com\/wp-content\/uploads\/2025\/07\/Miniatura-Foro-de-Empleo.png","type":"image\/png"}],"author":"admin","twitter_card":"summary_large_image","twitter_misc":{"Scritto da":"admin","Tempo di lettura stimato":"2 minuti"},"schema":{"@context":"https:\/\/schema.org","@graph":[{"@type":"Article","@id":"https:\/\/clauqsi.com\/blog\/foro-de-empleo-de-la-upv#article","isPartOf":{"@id":"https:\/\/clauqsi.com\/blog\/foro-de-empleo-de-la-upv"},"author":{"name":"admin","@id":"https:\/\/clauqsi.com\/en\/#\/schema\/person\/5a4975c80377b0802fe4a642495696a6"},"headline":"Foro de Empleo de la UPV: \u00bfQu\u00e9 buscan las empresas de ingenier\u00eda? | 3&#215;43","datePublished":"2025-06-23T08:29:46+00:00","dateModified":"2026-03-12T15:14:01+00:00","mainEntityOfPage":{"@id":"https:\/\/clauqsi.com\/blog\/foro-de-empleo-de-la-upv"},"wordCount":226,"image":{"@id":"https:\/\/clauqsi.com\/blog\/foro-de-empleo-de-la-upv#primaryimage"},"thumbnailUrl":"https:\/\/clauqsi.com\/wp-content\/uploads\/2025\/07\/Miniatura-Foro-de-Empleo.png","keywords":["Temporada 3"],"articleSection":["Otros","T3"],"inLanguage":"it-IT"},{"@type":"WebPage","@id":"https:\/\/clauqsi.com\/blog\/foro-de-empleo-de-la-upv","url":"https:\/\/clauqsi.com\/blog\/foro-de-empleo-de-la-upv","name":"Foro de Empleo de la UPV: \u00bfQu\u00e9 buscan las empresas? - Clau, quiero ser ingeniera","isPartOf":{"@id":"https:\/\/clauqsi.com\/en\/#website"},"primaryImageOfPage":{"@id":"https:\/\/clauqsi.com\/blog\/foro-de-empleo-de-la-upv#primaryimage"},"image":{"@id":"https:\/\/clauqsi.com\/blog\/foro-de-empleo-de-la-upv#primaryimage"},"thumbnailUrl":"https:\/\/clauqsi.com\/wp-content\/uploads\/2025\/07\/Miniatura-Foro-de-Empleo.png","datePublished":"2025-06-23T08:29:46+00:00","dateModified":"2026-03-12T15:14:01+00:00","author":{"@id":"https:\/\/clauqsi.com\/en\/#\/schema\/person\/5a4975c80377b0802fe4a642495696a6"},"description":"\u00a1Viajamos al Foro de Empleo de la UPV! Descubre qu\u00e9 buscan las empresas, las mejores oportunidades laborales y por qu\u00e9 asociarte al COIICV","breadcrumb":{"@id":"https:\/\/clauqsi.com\/blog\/foro-de-empleo-de-la-upv#breadcrumb"},"inLanguage":"it-IT","potentialAction":[{"@type":"ReadAction","target":["https:\/\/clauqsi.com\/blog\/foro-de-empleo-de-la-upv"]}]},{"@type":"ImageObject","inLanguage":"it-IT","@id":"https:\/\/clauqsi.com\/blog\/foro-de-empleo-de-la-upv#primaryimage","url":"https:\/\/clauqsi.com\/wp-content\/uploads\/2025\/07\/Miniatura-Foro-de-Empleo.png","contentUrl":"https:\/\/clauqsi.com\/wp-content\/uploads\/2025\/07\/Miniatura-Foro-de-Empleo.png","width":1280,"height":720,"caption":"Clau en la miniatura del episodio charlando con estudiantes en el Foro de Empleo de la UPV"},{"@type":"BreadcrumbList","@id":"https:\/\/clauqsi.com\/blog\/foro-de-empleo-de-la-upv#breadcrumb","itemListElement":[{"@type":"ListItem","position":1,"name":"Portada","item":"https:\/\/clauqsi.com\/"},{"@type":"ListItem","position":2,"name":"T3","item":"https:\/\/clauqsi.com\/blog\/category\/temporada3"},{"@type":"ListItem","position":3,"name":"Foro de Empleo de la UPV: \u00bfQu\u00e9 buscan las empresas de ingenier\u00eda? | 3&#215;43"}]},{"@type":"WebSite","@id":"https:\/\/clauqsi.com\/en\/#website","url":"https:\/\/clauqsi.com\/en\/","name":"Clau, voglio diventare ingegnere","description":"Un'iniziativa per promuovere le carriere STEAM per le ragazze","potentialAction":[{"@type":"SearchAction","target":{"@type":"EntryPoint","urlTemplate":"https:\/\/clauqsi.com\/en\/?s={search_term_string}"},"query-input":{"@type":"PropertyValueSpecification","valueRequired":true,"valueName":"search_term_string"}}],"inLanguage":"it-IT"},{"@type":"Person","@id":"https:\/\/clauqsi.com\/en\/#\/schema\/person\/5a4975c80377b0802fe4a642495696a6","name":"amministratore","sameAs":["https:\/\/clauqsi.com"],"url":"https:\/\/clauqsi.com\/it\/blog\/author\/admin"}]}},"_links":{"self":[{"href":"https:\/\/clauqsi.com\/it\/wp-json\/wp\/v2\/posts\/912","targetHints":{"allow":["GET"]}}],"collection":[{"href":"https:\/\/clauqsi.com\/it\/wp-json\/wp\/v2\/posts"}],"about":[{"href":"https:\/\/clauqsi.com\/it\/wp-json\/wp\/v2\/types\/post"}],"author":[{"embeddable":true,"href":"https:\/\/clauqsi.com\/it\/wp-json\/wp\/v2\/users\/1"}],"replies":[{"embeddable":true,"href":"https:\/\/clauqsi.com\/it\/wp-json\/wp\/v2\/comments?post=912"}],"version-history":[{"count":4,"href":"https:\/\/clauqsi.com\/it\/wp-json\/wp\/v2\/posts\/912\/revisions"}],"predecessor-version":[{"id":1716,"href":"https:\/\/clauqsi.com\/it\/wp-json\/wp\/v2\/posts\/912\/revisions\/1716"}],"wp:featuredmedia":[{"embeddable":true,"href":"https:\/\/clauqsi.com\/it\/wp-json\/wp\/v2\/media\/897"}],"wp:attachment":[{"href":"https:\/\/clauqsi.com\/it\/wp-json\/wp\/v2\/media?parent=912"}],"wp:term":[{"taxonomy":"category","embeddable":true,"href":"https:\/\/clauqsi.com\/it\/wp-json\/wp\/v2\/categories?post=912"},{"taxonomy":"post_tag","embeddable":true,"href":"https:\/\/clauqsi.com\/it\/wp-json\/wp\/v2\/tags?post=912"}],"curies":[{"name":"wp","href":"https:\/\/api.w.org\/{rel}","templated":true}]}}