{"id":747,"date":"2024-11-04T10:58:00","date_gmt":"2024-11-04T10:58:00","guid":{"rendered":"https:\/\/clauqsi.com\/?p=747"},"modified":"2026-02-26T10:26:25","modified_gmt":"2026-02-26T10:26:25","slug":"da-studente-a-responsabile-di-programma-il-viaggio-di-emma-nellingegneria-aerospaziale","status":"publish","type":"post","link":"https:\/\/clauqsi.com\/it\/blog\/de-estudiante-a-jefa-de-programas-el-viaje-de-emma-en-la-ingenieria-aeroespacial","title":{"rendered":"DA STUDENTE A RESPONSABILE DI PROGRAMMA: IL VIAGGIO DI EMMA NELL'INGEGNERIA AEROSPAZIALE."},"content":{"rendered":"<figure class=\"wp-block-embed is-type-rich is-provider-spotify wp-block-embed-spotify wp-embed-aspect-21-9 wp-has-aspect-ratio\"><div class=\"wp-block-embed__wrapper\">\n<iframe title=\"Spotify Embed: DA STUDENTE A PROGRAMME MANAGER: IL VIAGGIO DI EMMA NELL&#039;INGEGNERIA AEROSPAZIALE.\" style=\"border-radius: 12px\" width=\"100%\" height=\"152\" frameborder=\"0\" allowfullscreen allow=\"autoplay; clipboard-write; encrypted-media; fullscreen; picture-in-picture\" data-src=\"https:\/\/open.spotify.com\/embed\/episode\/54nk1fgkXc7REXZxPxFh6F?utm_source=oembed\" src=\"data:image\/svg+xml;base64,PHN2ZyB3aWR0aD0iMSIgaGVpZ2h0PSIxIiB4bWxucz0iaHR0cDovL3d3dy53My5vcmcvMjAwMC9zdmciPjwvc3ZnPg==\" class=\"lazyload\" data-load-mode=\"1\"><\/iframe>\n<\/div><\/figure>\n\n\n\nCiao, ciao! Oggi viene a chiacchierare con noi Emma, ingegnere spaziale, responsabile di programma e docente universitaria... che spasso! \n<\/br><\/br>\n\u00c8 stata ossessionata dallo spazio fin da bambina e non solo \u00e8 riuscita ad arrivare dove sognava, ma ora ci racconta tutto il viaggio con quella passione che ti fa appassionare.\n<\/br><\/br>\nEmma racconta come \u00e8 passata dal disegnare pianeti da bambina a guidare progetti di innovazione. Ci d\u00e0 anche dei consigli su come non arrendersi di fronte alle sfide e ci ricorda quanto sia importante la comunicazione, anche per un ingegnere. \n<\/br><\/br>\nCondivide anche consigli su come gestire l'ansia e la pressione all'universit\u00e0 e al lavoro, cosa che insegna ai suoi studenti con la stessa disponibilit\u00e0 e le stesse buone vibrazioni che porta qui.\nUn episodio che, pi\u00f9 che di ingegneria, parla della vita stessa, del cadere, del rialzarsi e dell'imparare a godersi il viaggio. \ud83e\ude90\ud83d\ude80<\/br><\/br>\n\n\n\n<figure class=\"wp-block-embed is-type-video is-provider-youtube wp-block-embed-youtube wp-embed-aspect-16-9 wp-has-aspect-ratio\"><div class=\"wp-block-embed__wrapper\">\n<iframe title=\"DA STUDENTE A RESPONSABILE DI PROGRAMMA: IL VIAGGIO DI EMMA NELL&#039;INGEGNERIA AEROSPAZIALE.\" width=\"1020\" height=\"574\" data-src=\"https:\/\/www.youtube.com\/embed\/YYNZoJSKBYI?feature=oembed\" frameborder=\"0\" allow=\"accelerometer; autoplay; clipboard-write; encrypted-media; gyroscope; picture-in-picture; web-share\" referrerpolicy=\"strict-origin-when-cross-origin\" allowfullscreen src=\"data:image\/svg+xml;base64,PHN2ZyB3aWR0aD0iMSIgaGVpZ2h0PSIxIiB4bWxucz0iaHR0cDovL3d3dy53My5vcmcvMjAwMC9zdmciPjwvc3ZnPg==\" class=\"lazyload\" data-load-mode=\"1\"><\/iframe>\n<\/div><\/figure>","protected":false},"excerpt":{"rendered":"<p>\u00c8 stata ossessionata dallo spazio fin da bambina e non solo \u00e8 riuscita ad arrivare dove sognava, ma ora ci racconta tutto il viaggio con quella passione che ti fa appassionare.<\/p>","protected":false},"author":1,"featured_media":729,"comment_status":"closed","ping_status":"open","sticky":false,"template":"","format":"standard","meta":{"footnotes":""},"categories":[10,45],"tags":[40],"class_list":["post-747","post","type-post","status-publish","format-standard","has-post-thumbnail","hentry","category-ingenieria-aerospacial","category-temporada3","tag-temporada3"],"yoast_head":"<!-- This site is optimized with the Yoast SEO plugin v27.4 - https:\/\/yoast.com\/product\/yoast-seo-wordpress\/ -->\n<title>DE ESTUDIANTE A JEFA DE PROGRAMAS: EL VIAJE DE EMMA EN LA INGENIER\u00cdA AEROESPACIAL. - Clau, quiero ser ingeniera<\/title>\n<meta name=\"description\" content=\"De estudiante a Jefa de Programas: Emma nos cuenta su pasi\u00f3n por el espacio, consejos de innovaci\u00f3n y c\u00f3mo gestionar la presi\u00f3n en la uni\" \/>\n<meta name=\"robots\" content=\"index, follow, max-snippet:-1, max-image-preview:large, max-video-preview:-1\" \/>\n<link rel=\"canonical\" href=\"https:\/\/clauqsi.com\/it\/blog\/da-studente-a-responsabile-di-programma-il-viaggio-di-emma-nellingegneria-aerospaziale\/\" \/>\n<meta property=\"og:locale\" content=\"it_IT\" \/>\n<meta property=\"og:type\" content=\"article\" \/>\n<meta property=\"og:title\" content=\"DE ESTUDIANTE A JEFA DE PROGRAMAS: EL VIAJE DE EMMA EN LA INGENIER\u00cdA AEROESPACIAL. - Clau, quiero ser ingeniera\" \/>\n<meta property=\"og:description\" content=\"De estudiante a Jefa de Programas: Emma nos cuenta su pasi\u00f3n por el espacio, consejos de innovaci\u00f3n y c\u00f3mo gestionar la presi\u00f3n en la uni\" \/>\n<meta property=\"og:url\" content=\"https:\/\/clauqsi.com\/it\/blog\/da-studente-a-responsabile-di-programma-il-viaggio-di-emma-nellingegneria-aerospaziale\/\" \/>\n<meta property=\"og:site_name\" content=\"Clau, quiero ser ingeniera\" \/>\n<meta property=\"article:published_time\" content=\"2024-11-04T10:58:00+00:00\" \/>\n<meta property=\"article:modified_time\" content=\"2026-02-26T10:26:25+00:00\" \/>\n<meta property=\"og:image\" content=\"https:\/\/clauqsi.com\/wp-content\/uploads\/2024\/12\/EMMA.jpg\" \/>\n\t<meta property=\"og:image:width\" content=\"1920\" \/>\n\t<meta property=\"og:image:height\" content=\"1080\" \/>\n\t<meta property=\"og:image:type\" content=\"image\/jpeg\" \/>\n<meta name=\"author\" content=\"admin\" \/>\n<meta name=\"twitter:card\" content=\"summary_large_image\" \/>\n<meta name=\"twitter:label1\" content=\"Scritto da\" \/>\n\t<meta name=\"twitter:data1\" content=\"admin\" \/>\n\t<meta name=\"twitter:label2\" content=\"Tempo di lettura stimato\" \/>\n\t<meta name=\"twitter:data2\" content=\"1 minuto\" \/>\n<script type=\"application\/ld+json\" class=\"yoast-schema-graph\">{\"@context\":\"https:\\\/\\\/schema.org\",\"@graph\":[{\"@type\":\"Article\",\"@id\":\"https:\\\/\\\/clauqsi.com\\\/blog\\\/de-estudiante-a-jefa-de-programas-el-viaje-de-emma-en-la-ingenieria-aeroespacial#article\",\"isPartOf\":{\"@id\":\"https:\\\/\\\/clauqsi.com\\\/blog\\\/de-estudiante-a-jefa-de-programas-el-viaje-de-emma-en-la-ingenieria-aeroespacial\"},\"author\":{\"name\":\"admin\",\"@id\":\"https:\\\/\\\/clauqsi.com\\\/en\\\/#\\\/schema\\\/person\\\/5a4975c80377b0802fe4a642495696a6\"},\"headline\":\"DE ESTUDIANTE A JEFA DE PROGRAMAS: EL VIAJE DE EMMA EN LA INGENIER\u00cdA AEROESPACIAL.\",\"datePublished\":\"2024-11-04T10:58:00+00:00\",\"dateModified\":\"2026-02-26T10:26:25+00:00\",\"mainEntityOfPage\":{\"@id\":\"https:\\\/\\\/clauqsi.com\\\/blog\\\/de-estudiante-a-jefa-de-programas-el-viaje-de-emma-en-la-ingenieria-aeroespacial\"},\"wordCount\":188,\"image\":{\"@id\":\"https:\\\/\\\/clauqsi.com\\\/blog\\\/de-estudiante-a-jefa-de-programas-el-viaje-de-emma-en-la-ingenieria-aeroespacial#primaryimage\"},\"thumbnailUrl\":\"https:\\\/\\\/clauqsi.com\\\/wp-content\\\/uploads\\\/2024\\\/12\\\/EMMA.jpg\",\"keywords\":[\"Temporada 3\"],\"articleSection\":[\"Ingenier\u00eda Aeroespacial\",\"T3\"],\"inLanguage\":\"it-IT\"},{\"@type\":\"WebPage\",\"@id\":\"https:\\\/\\\/clauqsi.com\\\/blog\\\/de-estudiante-a-jefa-de-programas-el-viaje-de-emma-en-la-ingenieria-aeroespacial\",\"url\":\"https:\\\/\\\/clauqsi.com\\\/blog\\\/de-estudiante-a-jefa-de-programas-el-viaje-de-emma-en-la-ingenieria-aeroespacial\",\"name\":\"DE ESTUDIANTE A JEFA DE PROGRAMAS: EL VIAJE DE EMMA EN LA INGENIER\u00cdA AEROESPACIAL. - Clau, quiero ser ingeniera\",\"isPartOf\":{\"@id\":\"https:\\\/\\\/clauqsi.com\\\/en\\\/#website\"},\"primaryImageOfPage\":{\"@id\":\"https:\\\/\\\/clauqsi.com\\\/blog\\\/de-estudiante-a-jefa-de-programas-el-viaje-de-emma-en-la-ingenieria-aeroespacial#primaryimage\"},\"image\":{\"@id\":\"https:\\\/\\\/clauqsi.com\\\/blog\\\/de-estudiante-a-jefa-de-programas-el-viaje-de-emma-en-la-ingenieria-aeroespacial#primaryimage\"},\"thumbnailUrl\":\"https:\\\/\\\/clauqsi.com\\\/wp-content\\\/uploads\\\/2024\\\/12\\\/EMMA.jpg\",\"datePublished\":\"2024-11-04T10:58:00+00:00\",\"dateModified\":\"2026-02-26T10:26:25+00:00\",\"author\":{\"@id\":\"https:\\\/\\\/clauqsi.com\\\/en\\\/#\\\/schema\\\/person\\\/5a4975c80377b0802fe4a642495696a6\"},\"description\":\"De estudiante a Jefa de Programas: Emma nos cuenta su pasi\u00f3n por el espacio, consejos de innovaci\u00f3n y c\u00f3mo gestionar la presi\u00f3n en la uni\",\"breadcrumb\":{\"@id\":\"https:\\\/\\\/clauqsi.com\\\/blog\\\/de-estudiante-a-jefa-de-programas-el-viaje-de-emma-en-la-ingenieria-aeroespacial#breadcrumb\"},\"inLanguage\":\"it-IT\",\"potentialAction\":[{\"@type\":\"ReadAction\",\"target\":[\"https:\\\/\\\/clauqsi.com\\\/blog\\\/de-estudiante-a-jefa-de-programas-el-viaje-de-emma-en-la-ingenieria-aeroespacial\"]}]},{\"@type\":\"ImageObject\",\"inLanguage\":\"it-IT\",\"@id\":\"https:\\\/\\\/clauqsi.com\\\/blog\\\/de-estudiante-a-jefa-de-programas-el-viaje-de-emma-en-la-ingenieria-aeroespacial#primaryimage\",\"url\":\"https:\\\/\\\/clauqsi.com\\\/wp-content\\\/uploads\\\/2024\\\/12\\\/EMMA.jpg\",\"contentUrl\":\"https:\\\/\\\/clauqsi.com\\\/wp-content\\\/uploads\\\/2024\\\/12\\\/EMMA.jpg\",\"width\":1920,\"height\":1080},{\"@type\":\"BreadcrumbList\",\"@id\":\"https:\\\/\\\/clauqsi.com\\\/blog\\\/de-estudiante-a-jefa-de-programas-el-viaje-de-emma-en-la-ingenieria-aeroespacial#breadcrumb\",\"itemListElement\":[{\"@type\":\"ListItem\",\"position\":1,\"name\":\"Portada\",\"item\":\"https:\\\/\\\/clauqsi.com\\\/\"},{\"@type\":\"ListItem\",\"position\":2,\"name\":\"T3\",\"item\":\"https:\\\/\\\/clauqsi.com\\\/blog\\\/category\\\/temporada3\"},{\"@type\":\"ListItem\",\"position\":3,\"name\":\"DE ESTUDIANTE A JEFA DE PROGRAMAS: EL VIAJE DE EMMA EN LA INGENIER\u00cdA AEROESPACIAL.\"}]},{\"@type\":\"WebSite\",\"@id\":\"https:\\\/\\\/clauqsi.com\\\/en\\\/#website\",\"url\":\"https:\\\/\\\/clauqsi.com\\\/en\\\/\",\"name\":\"Clau, quiero ser ingeniera\",\"description\":\"Una iniciativa para impulsar las carreras STEAM entre las chicas\",\"potentialAction\":[{\"@type\":\"SearchAction\",\"target\":{\"@type\":\"EntryPoint\",\"urlTemplate\":\"https:\\\/\\\/clauqsi.com\\\/en\\\/?s={search_term_string}\"},\"query-input\":{\"@type\":\"PropertyValueSpecification\",\"valueRequired\":true,\"valueName\":\"search_term_string\"}}],\"inLanguage\":\"it-IT\"},{\"@type\":\"Person\",\"@id\":\"https:\\\/\\\/clauqsi.com\\\/en\\\/#\\\/schema\\\/person\\\/5a4975c80377b0802fe4a642495696a6\",\"name\":\"admin\",\"sameAs\":[\"https:\\\/\\\/clauqsi.com\"],\"url\":\"https:\\\/\\\/clauqsi.com\\\/it\\\/blog\\\/author\\\/admin\"}]}<\/script>\n<!-- \/ Yoast SEO plugin. -->","yoast_head_json":{"title":"DA STUDENTE A RESPONSABILE DI PROGRAMMA: IL VIAGGIO DI EMMA NELL'INGEGNERIA AEROSPAZIALE. - Clau, voglio diventare ingegnere","description":"Da studentessa a responsabile dei programmi: Emma parla della sua passione per lo spazio, dei consigli per l'innovazione e della gestione della pressione all'universit\u00e0.","robots":{"index":"index","follow":"follow","max-snippet":"max-snippet:-1","max-image-preview":"max-image-preview:large","max-video-preview":"max-video-preview:-1"},"canonical":"https:\/\/clauqsi.com\/it\/blog\/da-studente-a-responsabile-di-programma-il-viaggio-di-emma-nellingegneria-aerospaziale\/","og_locale":"it_IT","og_type":"article","og_title":"DE ESTUDIANTE A JEFA DE PROGRAMAS: EL VIAJE DE EMMA EN LA INGENIER\u00cdA AEROESPACIAL. - Clau, quiero ser ingeniera","og_description":"De estudiante a Jefa de Programas: Emma nos cuenta su pasi\u00f3n por el espacio, consejos de innovaci\u00f3n y c\u00f3mo gestionar la presi\u00f3n en la uni","og_url":"https:\/\/clauqsi.com\/it\/blog\/da-studente-a-responsabile-di-programma-il-viaggio-di-emma-nellingegneria-aerospaziale\/","og_site_name":"Clau, quiero ser ingeniera","article_published_time":"2024-11-04T10:58:00+00:00","article_modified_time":"2026-02-26T10:26:25+00:00","og_image":[{"width":1920,"height":1080,"url":"https:\/\/clauqsi.com\/wp-content\/uploads\/2024\/12\/EMMA.jpg","type":"image\/jpeg"}],"author":"admin","twitter_card":"summary_large_image","twitter_misc":{"Scritto da":"admin","Tempo di lettura stimato":"1 minuto"},"schema":{"@context":"https:\/\/schema.org","@graph":[{"@type":"Article","@id":"https:\/\/clauqsi.com\/blog\/de-estudiante-a-jefa-de-programas-el-viaje-de-emma-en-la-ingenieria-aeroespacial#article","isPartOf":{"@id":"https:\/\/clauqsi.com\/blog\/de-estudiante-a-jefa-de-programas-el-viaje-de-emma-en-la-ingenieria-aeroespacial"},"author":{"name":"admin","@id":"https:\/\/clauqsi.com\/en\/#\/schema\/person\/5a4975c80377b0802fe4a642495696a6"},"headline":"DE ESTUDIANTE A JEFA DE PROGRAMAS: EL VIAJE DE EMMA EN LA INGENIER\u00cdA AEROESPACIAL.","datePublished":"2024-11-04T10:58:00+00:00","dateModified":"2026-02-26T10:26:25+00:00","mainEntityOfPage":{"@id":"https:\/\/clauqsi.com\/blog\/de-estudiante-a-jefa-de-programas-el-viaje-de-emma-en-la-ingenieria-aeroespacial"},"wordCount":188,"image":{"@id":"https:\/\/clauqsi.com\/blog\/de-estudiante-a-jefa-de-programas-el-viaje-de-emma-en-la-ingenieria-aeroespacial#primaryimage"},"thumbnailUrl":"https:\/\/clauqsi.com\/wp-content\/uploads\/2024\/12\/EMMA.jpg","keywords":["Temporada 3"],"articleSection":["Ingenier\u00eda Aeroespacial","T3"],"inLanguage":"it-IT"},{"@type":"WebPage","@id":"https:\/\/clauqsi.com\/blog\/de-estudiante-a-jefa-de-programas-el-viaje-de-emma-en-la-ingenieria-aeroespacial","url":"https:\/\/clauqsi.com\/blog\/de-estudiante-a-jefa-de-programas-el-viaje-de-emma-en-la-ingenieria-aeroespacial","name":"DA STUDENTE A RESPONSABILE DI PROGRAMMA: IL VIAGGIO DI EMMA NELL'INGEGNERIA AEROSPAZIALE. - Clau, voglio diventare ingegnere","isPartOf":{"@id":"https:\/\/clauqsi.com\/en\/#website"},"primaryImageOfPage":{"@id":"https:\/\/clauqsi.com\/blog\/de-estudiante-a-jefa-de-programas-el-viaje-de-emma-en-la-ingenieria-aeroespacial#primaryimage"},"image":{"@id":"https:\/\/clauqsi.com\/blog\/de-estudiante-a-jefa-de-programas-el-viaje-de-emma-en-la-ingenieria-aeroespacial#primaryimage"},"thumbnailUrl":"https:\/\/clauqsi.com\/wp-content\/uploads\/2024\/12\/EMMA.jpg","datePublished":"2024-11-04T10:58:00+00:00","dateModified":"2026-02-26T10:26:25+00:00","author":{"@id":"https:\/\/clauqsi.com\/en\/#\/schema\/person\/5a4975c80377b0802fe4a642495696a6"},"description":"Da studentessa a responsabile dei programmi: Emma parla della sua passione per lo spazio, dei consigli per l'innovazione e della gestione della pressione all'universit\u00e0.","breadcrumb":{"@id":"https:\/\/clauqsi.com\/blog\/de-estudiante-a-jefa-de-programas-el-viaje-de-emma-en-la-ingenieria-aeroespacial#breadcrumb"},"inLanguage":"it-IT","potentialAction":[{"@type":"ReadAction","target":["https:\/\/clauqsi.com\/blog\/de-estudiante-a-jefa-de-programas-el-viaje-de-emma-en-la-ingenieria-aeroespacial"]}]},{"@type":"ImageObject","inLanguage":"it-IT","@id":"https:\/\/clauqsi.com\/blog\/de-estudiante-a-jefa-de-programas-el-viaje-de-emma-en-la-ingenieria-aeroespacial#primaryimage","url":"https:\/\/clauqsi.com\/wp-content\/uploads\/2024\/12\/EMMA.jpg","contentUrl":"https:\/\/clauqsi.com\/wp-content\/uploads\/2024\/12\/EMMA.jpg","width":1920,"height":1080},{"@type":"BreadcrumbList","@id":"https:\/\/clauqsi.com\/blog\/de-estudiante-a-jefa-de-programas-el-viaje-de-emma-en-la-ingenieria-aeroespacial#breadcrumb","itemListElement":[{"@type":"ListItem","position":1,"name":"Portada","item":"https:\/\/clauqsi.com\/"},{"@type":"ListItem","position":2,"name":"T3","item":"https:\/\/clauqsi.com\/blog\/category\/temporada3"},{"@type":"ListItem","position":3,"name":"DE ESTUDIANTE A JEFA DE PROGRAMAS: EL VIAJE DE EMMA EN LA INGENIER\u00cdA AEROESPACIAL."}]},{"@type":"WebSite","@id":"https:\/\/clauqsi.com\/en\/#website","url":"https:\/\/clauqsi.com\/en\/","name":"Clau, voglio diventare ingegnere","description":"Un'iniziativa per promuovere le carriere STEAM per le ragazze","potentialAction":[{"@type":"SearchAction","target":{"@type":"EntryPoint","urlTemplate":"https:\/\/clauqsi.com\/en\/?s={search_term_string}"},"query-input":{"@type":"PropertyValueSpecification","valueRequired":true,"valueName":"search_term_string"}}],"inLanguage":"it-IT"},{"@type":"Person","@id":"https:\/\/clauqsi.com\/en\/#\/schema\/person\/5a4975c80377b0802fe4a642495696a6","name":"amministratore","sameAs":["https:\/\/clauqsi.com"],"url":"https:\/\/clauqsi.com\/it\/blog\/author\/admin"}]}},"_links":{"self":[{"href":"https:\/\/clauqsi.com\/it\/wp-json\/wp\/v2\/posts\/747","targetHints":{"allow":["GET"]}}],"collection":[{"href":"https:\/\/clauqsi.com\/it\/wp-json\/wp\/v2\/posts"}],"about":[{"href":"https:\/\/clauqsi.com\/it\/wp-json\/wp\/v2\/types\/post"}],"author":[{"embeddable":true,"href":"https:\/\/clauqsi.com\/it\/wp-json\/wp\/v2\/users\/1"}],"replies":[{"embeddable":true,"href":"https:\/\/clauqsi.com\/it\/wp-json\/wp\/v2\/comments?post=747"}],"version-history":[{"count":1,"href":"https:\/\/clauqsi.com\/it\/wp-json\/wp\/v2\/posts\/747\/revisions"}],"predecessor-version":[{"id":748,"href":"https:\/\/clauqsi.com\/it\/wp-json\/wp\/v2\/posts\/747\/revisions\/748"}],"wp:featuredmedia":[{"embeddable":true,"href":"https:\/\/clauqsi.com\/it\/wp-json\/wp\/v2\/media\/729"}],"wp:attachment":[{"href":"https:\/\/clauqsi.com\/it\/wp-json\/wp\/v2\/media?parent=747"}],"wp:term":[{"taxonomy":"category","embeddable":true,"href":"https:\/\/clauqsi.com\/it\/wp-json\/wp\/v2\/categories?post=747"},{"taxonomy":"post_tag","embeddable":true,"href":"https:\/\/clauqsi.com\/it\/wp-json\/wp\/v2\/tags?post=747"}],"curies":[{"name":"wp","href":"https:\/\/api.w.org\/{rel}","templated":true}]}}