{"id":839,"date":"2025-03-31T08:42:09","date_gmt":"2025-03-31T08:42:09","guid":{"rendered":"https:\/\/clauqsi.com\/?p=839"},"modified":"2026-02-25T10:56:08","modified_gmt":"2026-02-25T10:56:08","slug":"veronica-ingenieria-industrial-ia-clau-i-want-to-be-an-engineer-3x31-join-the-association-and-become-an-entrepreneur","status":"publish","type":"post","link":"https:\/\/clauqsi.com\/en\/blog\/veronica-ingenieria-industrial-ia-clau-quiero-ser-ingeniera-3x31-colegiarse-y-emprender","title":{"rendered":"Ver\u00f3nica, INDUSTRIAL ENGINEERING + IA | Clau, I want to be an engineer 3\u00d731 | Becoming an engineer and becoming an entrepreneur"},"content":{"rendered":"<figure class=\"wp-block-embed is-type-rich is-provider-spotify wp-block-embed-spotify wp-embed-aspect-21-9 wp-has-aspect-ratio\"><div class=\"wp-block-embed__wrapper\">\n<iframe title=\"Spotify Embed: ALEJANDRA: The architect who has fulfilled her dream by practicing her profession in scenography\" style=\"border-radius: 12px\" width=\"100%\" height=\"152\" frameborder=\"0\" allowfullscreen allow=\"autoplay; clipboard-write; encrypted-media; fullscreen; picture-in-picture\" data-src=\"https:\/\/open.spotify.com\/embed\/episode\/4R41W5bATwtsoVETOv3K9W?utm_source=oembed\" src=\"data:image\/svg+xml;base64,PHN2ZyB3aWR0aD0iMSIgaGVpZ2h0PSIxIiB4bWxucz0iaHR0cDovL3d3dy53My5vcmcvMjAwMC9zdmciPjwvc3ZnPg==\" class=\"lazyload\" data-load-mode=\"1\"><\/iframe>\n<\/div><\/figure>\n\n\n\nHello, hello!<\/br><\/br>\nToday we went to the Colegio Oficial de Ingenieros Industriales de la Comunidad Valenciana to chat with Ver\u00f3nica.<\/br><\/br>\n\nIndustrial engineer who, at only 28 years old, has taken the leap into entrepreneurship by founding her own Artificial Intelligence company\ud83d\udc95.<\/br><\/br>\n\nIn this episode, we will discover how COIICV has accompanied her in her career, the advantages of becoming a member, her role within the Professional Development Commission and all the lessons she has learned working in different sectors before taking the step of creating Armoniats.<\/br><\/br>\n\nAre you up for learning their story and how AI can revolutionize day-to-day business? Don't miss it, baby! \ud83e\udd70\u2728<\/br><\/br>\n\n\n\n<figure class=\"wp-block-embed is-type-video is-provider-youtube wp-block-embed-youtube wp-embed-aspect-16-9 wp-has-aspect-ratio\"><div class=\"wp-block-embed__wrapper\">\n<iframe title=\"Ver\u00f3nica, INDUSTRIAL ENGINEERING + IA | Clau, I want to be an engineer 3x31 | Becoming an engineer 3x31 | Becoming an engineer and starting a business\" width=\"1020\" height=\"574\" data-src=\"https:\/\/www.youtube.com\/embed\/U0NPTUC_qPM?feature=oembed\" frameborder=\"0\" allow=\"accelerometer; autoplay; clipboard-write; encrypted-media; gyroscope; picture-in-picture; web-share\" referrerpolicy=\"strict-origin-when-cross-origin\" allowfullscreen src=\"data:image\/svg+xml;base64,PHN2ZyB3aWR0aD0iMSIgaGVpZ2h0PSIxIiB4bWxucz0iaHR0cDovL3d3dy53My5vcmcvMjAwMC9zdmciPjwvc3ZnPg==\" class=\"lazyload\" data-load-mode=\"1\"><\/iframe>\n<\/div><\/figure>","protected":false},"excerpt":{"rendered":"<p>\u00a1Hola, hola! Hoy nos hemos ido al Colegio Oficial de Ingenieros Industriales de la Comunidad Valenciana a charlar con Ver\u00f3nica. Ingeniera industrial que, con tan solo 28 a\u00f1os, ha dado el salto al emprendimiento fundando su propia empresa de Inteligencia Artificial\ud83d\udc95 En este episodio, descubriremos c\u00f3mo el COIICV la ha acompa\u00f1ado en su trayectoria, qu\u00e9[&#8230;]\n","protected":false},"author":1,"featured_media":840,"comment_status":"closed","ping_status":"open","sticky":false,"template":"","format":"standard","meta":{"footnotes":""},"categories":[32,61,45],"tags":[40],"class_list":["post-839","post","type-post","status-publish","format-standard","has-post-thumbnail","hentry","category-ia","category-ingenieria-en-tecnologias-industriales","category-temporada3","tag-temporada3"],"yoast_head":"<!-- This site is optimized with the Yoast SEO plugin v27.5 - https:\/\/yoast.com\/product\/yoast-seo-wordpress\/ -->\n<title>Ver\u00f3nica, INGENIER\u00cdA INDUSTRIAL + IA | Clau, quiero ser ingeniera 3x31 | Colegiarse y emprender - Clau, quiero ser ingeniera<\/title>\n<meta name=\"description\" content=\"Descubre c\u00f3mo unir INGENIER\u00cdA INDUSTRIAL con la IA y emprender a los 28 a\u00f1os con Ver\u00f3nica. \u00a1No te pierdas su historia y consejos!\" \/>\n<meta name=\"robots\" content=\"index, follow, max-snippet:-1, max-image-preview:large, max-video-preview:-1\" \/>\n<link rel=\"canonical\" href=\"https:\/\/clauqsi.com\/en\/blog\/veronica-ingenieria-industrial-ia-clau-i-want-to-be-an-engineer-3x31-join-the-association-and-become-an-entrepreneur\/\" \/>\n<meta property=\"og:locale\" content=\"en_US\" \/>\n<meta property=\"og:type\" content=\"article\" \/>\n<meta property=\"og:title\" content=\"Ver\u00f3nica, INGENIER\u00cdA INDUSTRIAL + IA | Clau, quiero ser ingeniera 3x31 | Colegiarse y emprender - Clau, quiero ser ingeniera\" \/>\n<meta property=\"og:description\" content=\"Descubre c\u00f3mo unir INGENIER\u00cdA INDUSTRIAL con la IA y emprender a los 28 a\u00f1os con Ver\u00f3nica. \u00a1No te pierdas su historia y consejos!\" \/>\n<meta property=\"og:url\" content=\"https:\/\/clauqsi.com\/en\/blog\/veronica-ingenieria-industrial-ia-clau-i-want-to-be-an-engineer-3x31-join-the-association-and-become-an-entrepreneur\/\" \/>\n<meta property=\"og:site_name\" content=\"Clau, quiero ser ingeniera\" \/>\n<meta property=\"article:published_time\" content=\"2025-03-31T08:42:09+00:00\" \/>\n<meta property=\"article:modified_time\" content=\"2026-02-25T10:56:08+00:00\" \/>\n<meta property=\"og:image\" content=\"https:\/\/clauqsi.com\/wp-content\/uploads\/2025\/04\/veronica-2.jpg\" \/>\n\t<meta property=\"og:image:width\" content=\"1280\" \/>\n\t<meta property=\"og:image:height\" content=\"720\" \/>\n\t<meta property=\"og:image:type\" content=\"image\/jpeg\" \/>\n<meta name=\"author\" content=\"admin\" \/>\n<meta name=\"twitter:card\" content=\"summary_large_image\" \/>\n<meta name=\"twitter:label1\" content=\"Written by\" \/>\n\t<meta name=\"twitter:data1\" content=\"admin\" \/>\n\t<meta name=\"twitter:label2\" content=\"Est. reading time\" \/>\n\t<meta name=\"twitter:data2\" content=\"1 minute\" \/>\n<script type=\"application\/ld+json\" class=\"yoast-schema-graph\">{\"@context\":\"https:\\\/\\\/schema.org\",\"@graph\":[{\"@type\":\"Article\",\"@id\":\"https:\\\/\\\/clauqsi.com\\\/blog\\\/veronica-ingenieria-industrial-ia-clau-quiero-ser-ingeniera-3x31-colegiarse-y-emprender#article\",\"isPartOf\":{\"@id\":\"https:\\\/\\\/clauqsi.com\\\/blog\\\/veronica-ingenieria-industrial-ia-clau-quiero-ser-ingeniera-3x31-colegiarse-y-emprender\"},\"author\":{\"name\":\"admin\",\"@id\":\"https:\\\/\\\/clauqsi.com\\\/en\\\/#\\\/schema\\\/person\\\/5a4975c80377b0802fe4a642495696a6\"},\"headline\":\"Ver\u00f3nica, INGENIER\u00cdA INDUSTRIAL + IA | Clau, quiero ser ingeniera 3&#215;31 | Colegiarse y emprender\",\"datePublished\":\"2025-03-31T08:42:09+00:00\",\"dateModified\":\"2026-02-25T10:56:08+00:00\",\"mainEntityOfPage\":{\"@id\":\"https:\\\/\\\/clauqsi.com\\\/blog\\\/veronica-ingenieria-industrial-ia-clau-quiero-ser-ingeniera-3x31-colegiarse-y-emprender\"},\"wordCount\":147,\"image\":{\"@id\":\"https:\\\/\\\/clauqsi.com\\\/blog\\\/veronica-ingenieria-industrial-ia-clau-quiero-ser-ingeniera-3x31-colegiarse-y-emprender#primaryimage\"},\"thumbnailUrl\":\"https:\\\/\\\/clauqsi.com\\\/wp-content\\\/uploads\\\/2025\\\/04\\\/veronica-2.jpg\",\"keywords\":[\"Temporada 3\"],\"articleSection\":[\"IA\",\"Ingenier\u00eda en Tecnolog\u00edas Industriales\",\"T3\"],\"inLanguage\":\"en-US\"},{\"@type\":\"WebPage\",\"@id\":\"https:\\\/\\\/clauqsi.com\\\/blog\\\/veronica-ingenieria-industrial-ia-clau-quiero-ser-ingeniera-3x31-colegiarse-y-emprender\",\"url\":\"https:\\\/\\\/clauqsi.com\\\/blog\\\/veronica-ingenieria-industrial-ia-clau-quiero-ser-ingeniera-3x31-colegiarse-y-emprender\",\"name\":\"Ver\u00f3nica, INGENIER\u00cdA INDUSTRIAL + IA | Clau, quiero ser ingeniera 3x31 | Colegiarse y emprender - Clau, quiero ser ingeniera\",\"isPartOf\":{\"@id\":\"https:\\\/\\\/clauqsi.com\\\/en\\\/#website\"},\"primaryImageOfPage\":{\"@id\":\"https:\\\/\\\/clauqsi.com\\\/blog\\\/veronica-ingenieria-industrial-ia-clau-quiero-ser-ingeniera-3x31-colegiarse-y-emprender#primaryimage\"},\"image\":{\"@id\":\"https:\\\/\\\/clauqsi.com\\\/blog\\\/veronica-ingenieria-industrial-ia-clau-quiero-ser-ingeniera-3x31-colegiarse-y-emprender#primaryimage\"},\"thumbnailUrl\":\"https:\\\/\\\/clauqsi.com\\\/wp-content\\\/uploads\\\/2025\\\/04\\\/veronica-2.jpg\",\"datePublished\":\"2025-03-31T08:42:09+00:00\",\"dateModified\":\"2026-02-25T10:56:08+00:00\",\"author\":{\"@id\":\"https:\\\/\\\/clauqsi.com\\\/en\\\/#\\\/schema\\\/person\\\/5a4975c80377b0802fe4a642495696a6\"},\"description\":\"Descubre c\u00f3mo unir INGENIER\u00cdA INDUSTRIAL con la IA y emprender a los 28 a\u00f1os con Ver\u00f3nica. \u00a1No te pierdas su historia y consejos!\",\"breadcrumb\":{\"@id\":\"https:\\\/\\\/clauqsi.com\\\/blog\\\/veronica-ingenieria-industrial-ia-clau-quiero-ser-ingeniera-3x31-colegiarse-y-emprender#breadcrumb\"},\"inLanguage\":\"en-US\",\"potentialAction\":[{\"@type\":\"ReadAction\",\"target\":[\"https:\\\/\\\/clauqsi.com\\\/blog\\\/veronica-ingenieria-industrial-ia-clau-quiero-ser-ingeniera-3x31-colegiarse-y-emprender\"]}]},{\"@type\":\"ImageObject\",\"inLanguage\":\"en-US\",\"@id\":\"https:\\\/\\\/clauqsi.com\\\/blog\\\/veronica-ingenieria-industrial-ia-clau-quiero-ser-ingeniera-3x31-colegiarse-y-emprender#primaryimage\",\"url\":\"https:\\\/\\\/clauqsi.com\\\/wp-content\\\/uploads\\\/2025\\\/04\\\/veronica-2.jpg\",\"contentUrl\":\"https:\\\/\\\/clauqsi.com\\\/wp-content\\\/uploads\\\/2025\\\/04\\\/veronica-2.jpg\",\"width\":1280,\"height\":720},{\"@type\":\"BreadcrumbList\",\"@id\":\"https:\\\/\\\/clauqsi.com\\\/blog\\\/veronica-ingenieria-industrial-ia-clau-quiero-ser-ingeniera-3x31-colegiarse-y-emprender#breadcrumb\",\"itemListElement\":[{\"@type\":\"ListItem\",\"position\":1,\"name\":\"Portada\",\"item\":\"https:\\\/\\\/clauqsi.com\\\/\"},{\"@type\":\"ListItem\",\"position\":2,\"name\":\"T3\",\"item\":\"https:\\\/\\\/clauqsi.com\\\/blog\\\/category\\\/temporada3\"},{\"@type\":\"ListItem\",\"position\":3,\"name\":\"Ver\u00f3nica, INGENIER\u00cdA INDUSTRIAL + IA | Clau, quiero ser ingeniera 3&#215;31 | Colegiarse y emprender\"}]},{\"@type\":\"WebSite\",\"@id\":\"https:\\\/\\\/clauqsi.com\\\/en\\\/#website\",\"url\":\"https:\\\/\\\/clauqsi.com\\\/en\\\/\",\"name\":\"Clau, quiero ser ingeniera\",\"description\":\"Una iniciativa para impulsar las carreras STEAM entre las chicas\",\"potentialAction\":[{\"@type\":\"SearchAction\",\"target\":{\"@type\":\"EntryPoint\",\"urlTemplate\":\"https:\\\/\\\/clauqsi.com\\\/en\\\/?s={search_term_string}\"},\"query-input\":{\"@type\":\"PropertyValueSpecification\",\"valueRequired\":true,\"valueName\":\"search_term_string\"}}],\"inLanguage\":\"en-US\"},{\"@type\":\"Person\",\"@id\":\"https:\\\/\\\/clauqsi.com\\\/en\\\/#\\\/schema\\\/person\\\/5a4975c80377b0802fe4a642495696a6\",\"name\":\"admin\",\"sameAs\":[\"https:\\\/\\\/clauqsi.com\"],\"url\":\"https:\\\/\\\/clauqsi.com\\\/en\\\/blog\\\/author\\\/admin\"}]}<\/script>\n<!-- \/ Yoast SEO plugin. -->","yoast_head_json":{"title":"Ver\u00f3nica, INDUSTRIAL ENGINEERING + IA | Clau, I want to be an engineer 3x31 | Becoming an engineer and starting a business - Clau, I want to be an engineer","description":"Find out how to combine INDUSTRIAL ENGINEERING with AI and entrepreneurship at 28 with Veronica. Don't miss her story and tips!","robots":{"index":"index","follow":"follow","max-snippet":"max-snippet:-1","max-image-preview":"max-image-preview:large","max-video-preview":"max-video-preview:-1"},"canonical":"https:\/\/clauqsi.com\/en\/blog\/veronica-ingenieria-industrial-ia-clau-i-want-to-be-an-engineer-3x31-join-the-association-and-become-an-entrepreneur\/","og_locale":"en_US","og_type":"article","og_title":"Ver\u00f3nica, INGENIER\u00cdA INDUSTRIAL + IA | Clau, quiero ser ingeniera 3x31 | Colegiarse y emprender - Clau, quiero ser ingeniera","og_description":"Descubre c\u00f3mo unir INGENIER\u00cdA INDUSTRIAL con la IA y emprender a los 28 a\u00f1os con Ver\u00f3nica. \u00a1No te pierdas su historia y consejos!","og_url":"https:\/\/clauqsi.com\/en\/blog\/veronica-ingenieria-industrial-ia-clau-i-want-to-be-an-engineer-3x31-join-the-association-and-become-an-entrepreneur\/","og_site_name":"Clau, quiero ser ingeniera","article_published_time":"2025-03-31T08:42:09+00:00","article_modified_time":"2026-02-25T10:56:08+00:00","og_image":[{"width":1280,"height":720,"url":"https:\/\/clauqsi.com\/wp-content\/uploads\/2025\/04\/veronica-2.jpg","type":"image\/jpeg"}],"author":"admin","twitter_card":"summary_large_image","twitter_misc":{"Written by":"admin","Est. reading time":"1 minute"},"schema":{"@context":"https:\/\/schema.org","@graph":[{"@type":"Article","@id":"https:\/\/clauqsi.com\/blog\/veronica-ingenieria-industrial-ia-clau-quiero-ser-ingeniera-3x31-colegiarse-y-emprender#article","isPartOf":{"@id":"https:\/\/clauqsi.com\/blog\/veronica-ingenieria-industrial-ia-clau-quiero-ser-ingeniera-3x31-colegiarse-y-emprender"},"author":{"name":"admin","@id":"https:\/\/clauqsi.com\/en\/#\/schema\/person\/5a4975c80377b0802fe4a642495696a6"},"headline":"Ver\u00f3nica, INGENIER\u00cdA INDUSTRIAL + IA | Clau, quiero ser ingeniera 3&#215;31 | Colegiarse y emprender","datePublished":"2025-03-31T08:42:09+00:00","dateModified":"2026-02-25T10:56:08+00:00","mainEntityOfPage":{"@id":"https:\/\/clauqsi.com\/blog\/veronica-ingenieria-industrial-ia-clau-quiero-ser-ingeniera-3x31-colegiarse-y-emprender"},"wordCount":147,"image":{"@id":"https:\/\/clauqsi.com\/blog\/veronica-ingenieria-industrial-ia-clau-quiero-ser-ingeniera-3x31-colegiarse-y-emprender#primaryimage"},"thumbnailUrl":"https:\/\/clauqsi.com\/wp-content\/uploads\/2025\/04\/veronica-2.jpg","keywords":["Temporada 3"],"articleSection":["IA","Ingenier\u00eda en Tecnolog\u00edas Industriales","T3"],"inLanguage":"en-US"},{"@type":"WebPage","@id":"https:\/\/clauqsi.com\/blog\/veronica-ingenieria-industrial-ia-clau-quiero-ser-ingeniera-3x31-colegiarse-y-emprender","url":"https:\/\/clauqsi.com\/blog\/veronica-ingenieria-industrial-ia-clau-quiero-ser-ingeniera-3x31-colegiarse-y-emprender","name":"Ver\u00f3nica, INDUSTRIAL ENGINEERING + IA | Clau, I want to be an engineer 3x31 | Becoming an engineer and starting a business - Clau, I want to be an engineer","isPartOf":{"@id":"https:\/\/clauqsi.com\/en\/#website"},"primaryImageOfPage":{"@id":"https:\/\/clauqsi.com\/blog\/veronica-ingenieria-industrial-ia-clau-quiero-ser-ingeniera-3x31-colegiarse-y-emprender#primaryimage"},"image":{"@id":"https:\/\/clauqsi.com\/blog\/veronica-ingenieria-industrial-ia-clau-quiero-ser-ingeniera-3x31-colegiarse-y-emprender#primaryimage"},"thumbnailUrl":"https:\/\/clauqsi.com\/wp-content\/uploads\/2025\/04\/veronica-2.jpg","datePublished":"2025-03-31T08:42:09+00:00","dateModified":"2026-02-25T10:56:08+00:00","author":{"@id":"https:\/\/clauqsi.com\/en\/#\/schema\/person\/5a4975c80377b0802fe4a642495696a6"},"description":"Find out how to combine INDUSTRIAL ENGINEERING with AI and entrepreneurship at 28 with Veronica. Don't miss her story and tips!","breadcrumb":{"@id":"https:\/\/clauqsi.com\/blog\/veronica-ingenieria-industrial-ia-clau-quiero-ser-ingeniera-3x31-colegiarse-y-emprender#breadcrumb"},"inLanguage":"en-US","potentialAction":[{"@type":"ReadAction","target":["https:\/\/clauqsi.com\/blog\/veronica-ingenieria-industrial-ia-clau-quiero-ser-ingeniera-3x31-colegiarse-y-emprender"]}]},{"@type":"ImageObject","inLanguage":"en-US","@id":"https:\/\/clauqsi.com\/blog\/veronica-ingenieria-industrial-ia-clau-quiero-ser-ingeniera-3x31-colegiarse-y-emprender#primaryimage","url":"https:\/\/clauqsi.com\/wp-content\/uploads\/2025\/04\/veronica-2.jpg","contentUrl":"https:\/\/clauqsi.com\/wp-content\/uploads\/2025\/04\/veronica-2.jpg","width":1280,"height":720},{"@type":"BreadcrumbList","@id":"https:\/\/clauqsi.com\/blog\/veronica-ingenieria-industrial-ia-clau-quiero-ser-ingeniera-3x31-colegiarse-y-emprender#breadcrumb","itemListElement":[{"@type":"ListItem","position":1,"name":"Portada","item":"https:\/\/clauqsi.com\/"},{"@type":"ListItem","position":2,"name":"T3","item":"https:\/\/clauqsi.com\/blog\/category\/temporada3"},{"@type":"ListItem","position":3,"name":"Ver\u00f3nica, INGENIER\u00cdA INDUSTRIAL + IA | Clau, quiero ser ingeniera 3&#215;31 | Colegiarse y emprender"}]},{"@type":"WebSite","@id":"https:\/\/clauqsi.com\/en\/#website","url":"https:\/\/clauqsi.com\/en\/","name":"Clau, I want to be an engineer","description":"An initiative to boost STEAM careers among girls","potentialAction":[{"@type":"SearchAction","target":{"@type":"EntryPoint","urlTemplate":"https:\/\/clauqsi.com\/en\/?s={search_term_string}"},"query-input":{"@type":"PropertyValueSpecification","valueRequired":true,"valueName":"search_term_string"}}],"inLanguage":"en-US"},{"@type":"Person","@id":"https:\/\/clauqsi.com\/en\/#\/schema\/person\/5a4975c80377b0802fe4a642495696a6","name":"admin","sameAs":["https:\/\/clauqsi.com"],"url":"https:\/\/clauqsi.com\/en\/blog\/author\/admin"}]}},"_links":{"self":[{"href":"https:\/\/clauqsi.com\/en\/wp-json\/wp\/v2\/posts\/839","targetHints":{"allow":["GET"]}}],"collection":[{"href":"https:\/\/clauqsi.com\/en\/wp-json\/wp\/v2\/posts"}],"about":[{"href":"https:\/\/clauqsi.com\/en\/wp-json\/wp\/v2\/types\/post"}],"author":[{"embeddable":true,"href":"https:\/\/clauqsi.com\/en\/wp-json\/wp\/v2\/users\/1"}],"replies":[{"embeddable":true,"href":"https:\/\/clauqsi.com\/en\/wp-json\/wp\/v2\/comments?post=839"}],"version-history":[{"count":1,"href":"https:\/\/clauqsi.com\/en\/wp-json\/wp\/v2\/posts\/839\/revisions"}],"predecessor-version":[{"id":841,"href":"https:\/\/clauqsi.com\/en\/wp-json\/wp\/v2\/posts\/839\/revisions\/841"}],"wp:featuredmedia":[{"embeddable":true,"href":"https:\/\/clauqsi.com\/en\/wp-json\/wp\/v2\/media\/840"}],"wp:attachment":[{"href":"https:\/\/clauqsi.com\/en\/wp-json\/wp\/v2\/media?parent=839"}],"wp:term":[{"taxonomy":"category","embeddable":true,"href":"https:\/\/clauqsi.com\/en\/wp-json\/wp\/v2\/categories?post=839"},{"taxonomy":"post_tag","embeddable":true,"href":"https:\/\/clauqsi.com\/en\/wp-json\/wp\/v2\/tags?post=839"}],"curies":[{"name":"wp","href":"https:\/\/api.w.org\/{rel}","templated":true}]}}